{"id":280,"date":"2013-08-21T16:08:35","date_gmt":"2013-08-21T14:08:35","guid":{"rendered":"http:\/\/blog.nitram.org\/?p=280"},"modified":"2013-12-23T17:07:34","modified_gmt":"2013-12-23T15:07:34","slug":"der-naechste-urlaub-kommt","status":"publish","type":"post","link":"http:\/\/blog.nitram.org\/?p=280","title":{"rendered":"der n\u00e4chste Urlaub kommt&#8230;"},"content":{"rendered":"<p style=\"text-align: center;\"><strong>Urlaubsbeginn:<\/strong><\/p>\n<p><strong><abbr title = \"Februar 1st, 2014, 1:25 p.m.\" id = 'xe55d522ac687ca6afae2fa80c70bb729' class = 'fergcorp_countdownTimer_event_time'>vor <span class=\"fergcorp_countdownTimer_year fergcorp_countdownTimer_timeUnit\">12 Jahre,<\/span> <span class=\"fergcorp_countdownTimer_month fergcorp_countdownTimer_timeUnit\">2 Monaten,<\/span> <span class=\"fergcorp_countdownTimer_week fergcorp_countdownTimer_timeUnit\">3 Wochen,<\/span> <span class=\"fergcorp_countdownTimer_day fergcorp_countdownTimer_timeUnit\">2 Tage<\/span><\/abbr><\/strong><\/p>\n<p>Die entscheidenden Buchungen sind erledigt, es geht somit vom 1. Februar bis 17. Februar erneut nach Norwegen, diesmal aber ohne Zelt, da um die Jahreszeit eventuell Schnee liegen k\u00f6nnte. \ud83d\ude42<br \/>\nErst geht es f\u00fcr zwei Tage nach Oslo &#8211; diesmal hoffentlich ohne die Heerscharen von Japanern, die die Stadt besetzt halten. Danach fliegen wir weiter nach Troms\u00f8 um dort unser Mietauto in Empfang zu nehmen.<br \/>\n<a href=\"http:\/\/blog.nitram.org\/wp-content\/uploads\/2013\/08\/huette.jpg\"><img loading=\"lazy\" decoding=\"async\" src=\"http:\/\/blog.nitram.org\/wp-content\/uploads\/2013\/08\/huette-300x202.jpg\" alt=\"H\u00fctte\" width=\"300\" height=\"202\" class=\"alignleft size-medium wp-image-283\" srcset=\"http:\/\/blog.nitram.org\/wp-content\/uploads\/2013\/08\/huette-300x202.jpg 300w, http:\/\/blog.nitram.org\/wp-content\/uploads\/2013\/08\/huette.jpg 460w\" sizes=\"auto, (max-width: 300px) 100vw, 300px\" \/><\/a>In der N\u00e4he von Troms\u00f8 (20 Kilometer westlich davon) haben wir direkt am Fjord in unmittelbarer N\u00e4he des Atlantiks eine kleine H\u00fctte mit zwei Schlafzimmern, Wohnzimmer und Bad gemietet. Die H\u00fctte liegt soweit abseits der Zivilisation, dass garantiert keine Lichter die hoffentlich vorhandenen Nordlichter st\u00f6ren k\u00f6nnen, au\u00dferdem gibt es noch die M\u00f6glichkeit f\u00fcr Rentierschlittenfahrten, Huskyschlittenfahrten, Motorschlittenfahrten, Nordlichttouren und nat\u00fcrlich ist Troms\u00f8 so nah, dass man auch dort noch jede Menge anschauen kann. In der H\u00fctte bleiben wir dann eine Woche bevor es im Anschluss mit der Hurtigrute von Troms\u00f8 aus durch die Barentsee \u00fcber das Nordkap bis Kirkenes an der russischen Grenze geht. Von dort dann wieder mit der Hurtigrute zur\u00fcck nach Troms\u00f8 wo es dann drei Tage sp\u00e4ter per Flieger \u00fcber Oslo zur\u00fcck nach M\u00fcnchen geht.<br \/>\nAnfang Februar gibt es dort oben immerhin schon wieder vier Stunden Tageslicht, es ist also keineswegs st\u00e4ndig dunkel. Die Temperaturen halten sich dank des Golfstroms auch in Grenzen: diese steigen in der Regel nicht \u00fcber Minus 2 Grad, ebenso wenig aber unter Minus 8 Grad &#8211; da haben wir in M\u00fcnchen schon k\u00e4ltere Tage gehabt&#8230;<br \/>\nWie sehr ich in dem Urlaub den Blog schreiben kann bleibt noch abzuwarten. Die H\u00fctte liegt soweit abseits, dass nicht sicher ist dort wirklich Handyempfang zu haben und auch auf dem Schiff d\u00fcrfte es wohl sicherlich nicht durchgehend m\u00f6glich sein.<\/p>\n<iframe src=\"http:\/\/www.facebook.com\/plugins\/like.php?href=http%3A%2F%2Fblog.nitram.org%2F%3Fp%3D280&amp;layout=standard&amp;show_faces=true&amp;width=450&amp;action=like&amp;colorscheme=light&amp;height=80\" scrolling=\"no\" frameborder=\"0\" style=\"border:none; overflow:hidden; width:450px; height:80px;\" allowTransparency=\"true\"><\/iframe>","protected":false},"excerpt":{"rendered":"<p>Urlaubsbeginn: Die entscheidenden Buchungen sind erledigt, es geht somit vom 1. Februar bis 17. Februar erneut nach Norwegen, diesmal aber ohne Zelt, da um die Jahreszeit eventuell Schnee liegen k\u00f6nnte. \ud83d\ude42 Erst geht es f\u00fcr zwei Tage nach Oslo &#8211; diesmal hoffentlich ohne die Heerscharen von Japanern, die die Stadt besetzt halten. Danach fliegen wir &hellip; <\/p>\n<p><a class=\"more-link btn\" href=\"http:\/\/blog.nitram.org\/?p=280\">Weiterlesen<\/a><\/p>\n","protected":false},"author":1,"featured_media":0,"comment_status":"open","ping_status":"open","sticky":false,"template":"","format":"standard","meta":{"footnotes":""},"categories":[73],"tags":[5,74],"class_list":["post-280","post","type-post","status-publish","format-standard","hentry","category-norwegen-2014","tag-reisebeginn","tag-reiseroute","item-wrap"],"jetpack_featured_media_url":"","jetpack_sharing_enabled":true,"jetpack_shortlink":"https:\/\/wp.me\/p2HHzQ-4w","_links":{"self":[{"href":"http:\/\/blog.nitram.org\/index.php?rest_route=\/wp\/v2\/posts\/280","targetHints":{"allow":["GET"]}}],"collection":[{"href":"http:\/\/blog.nitram.org\/index.php?rest_route=\/wp\/v2\/posts"}],"about":[{"href":"http:\/\/blog.nitram.org\/index.php?rest_route=\/wp\/v2\/types\/post"}],"author":[{"embeddable":true,"href":"http:\/\/blog.nitram.org\/index.php?rest_route=\/wp\/v2\/users\/1"}],"replies":[{"embeddable":true,"href":"http:\/\/blog.nitram.org\/index.php?rest_route=%2Fwp%2Fv2%2Fcomments&post=280"}],"version-history":[{"count":7,"href":"http:\/\/blog.nitram.org\/index.php?rest_route=\/wp\/v2\/posts\/280\/revisions"}],"predecessor-version":[{"id":292,"href":"http:\/\/blog.nitram.org\/index.php?rest_route=\/wp\/v2\/posts\/280\/revisions\/292"}],"wp:attachment":[{"href":"http:\/\/blog.nitram.org\/index.php?rest_route=%2Fwp%2Fv2%2Fmedia&parent=280"}],"wp:term":[{"taxonomy":"category","embeddable":true,"href":"http:\/\/blog.nitram.org\/index.php?rest_route=%2Fwp%2Fv2%2Fcategories&post=280"},{"taxonomy":"post_tag","embeddable":true,"href":"http:\/\/blog.nitram.org\/index.php?rest_route=%2Fwp%2Fv2%2Ftags&post=280"}],"curies":[{"name":"wp","href":"https:\/\/api.w.org\/{rel}","templated":true}]}}